{"id":5017,"date":"2025-02-24T10:14:15","date_gmt":"2025-02-24T10:14:15","guid":{"rendered":"https:\/\/berhouse.activaweb.net\/sense-categoritzar\/pis-amb-jardi-privat\/"},"modified":"2025-02-24T10:25:08","modified_gmt":"2025-02-24T10:25:08","slug":"pis-amb-jardi-privat","status":"publish","type":"post","link":"https:\/\/berhouse.com\/ca\/lloguer\/pis-amb-jardi-privat\/","title":{"rendered":"Pis amb jard\u00ed privat"},"content":{"rendered":"<p>Pis a planta baixa amb un ampli jard\u00ed on gaudir de la natura i reunions familiars, amb acc\u00e9s directe des del sal\u00f3 menjador i cuina.<br \/>\nEl pis est\u00e0 distribu\u00eft en 1 sola planta i amb acc\u00e9s directe al jard\u00ed.<br \/>\nA la zona de dia tenim un ampli sal\u00f3 menjador i la cuina independent.<br \/>\nA la zona de descans tenim 2 habitacions dobles amb armaris de paret (1 d&#8217;elles tipus suite) i 2 banys complets.<br \/>\nFinca amb molt pocs ve\u00efns, amb ascensor des del p\u00e0rquing i traster.<br \/>\nSi vols viure en una zona tranquil\u00b7la envoltada de natura no dubtis venir a visitar-lo.<\/p>\n","protected":false},"excerpt":{"rendered":"<p>Pis a planta baixa amb un ampli jard\u00ed on gaudir de la natura i reunions familiars, amb acc\u00e9s directe des del sal\u00f3 menjador i cuina. El pis est\u00e0 distribu\u00eft en 1 sola planta i amb acc\u00e9s directe al jard\u00ed. A la zona de dia tenim un ampli sal\u00f3 menjador i la cuina independent. A la [&hellip;]<\/p>\n","protected":false},"author":1,"featured_media":4947,"comment_status":"closed","ping_status":"closed","sticky":false,"template":"","format":"standard","meta":{"footnotes":""},"categories":[17],"tags":[56],"tipo-de-propiedad":[52],"estado-comercial":[],"class_list":["post-5017","post","type-post","status-publish","format-standard","has-post-thumbnail","hentry","category-lloguer","tag-el-masnou-ca","tipo-de-propiedad-pis"],"yoast_head":"<!-- This site is optimized with the Yoast SEO plugin v27.4 - https:\/\/yoast.com\/product\/yoast-seo-wordpress\/ -->\n<title>Pis amb jard\u00ed privat - Berhouse<\/title>\n<meta name=\"robots\" content=\"index, follow, max-snippet:-1, max-image-preview:large, max-video-preview:-1\" \/>\n<link rel=\"canonical\" href=\"https:\/\/berhouse.com\/ca\/lloguer\/pis-amb-jardi-privat\/\" \/>\n<meta property=\"og:locale\" content=\"ca_ES\" \/>\n<meta property=\"og:type\" content=\"article\" \/>\n<meta property=\"og:title\" content=\"Pis amb jard\u00ed privat - Berhouse\" \/>\n<meta property=\"og:description\" content=\"Pis a planta baixa amb un ampli jard\u00ed on gaudir de la natura i reunions familiars, amb acc\u00e9s directe des del sal\u00f3 menjador i cuina. El pis est\u00e0 distribu\u00eft en 1 sola planta i amb acc\u00e9s directe al jard\u00ed. A la zona de dia tenim un ampli sal\u00f3 menjador i la cuina independent. A la [&hellip;]\" \/>\n<meta property=\"og:url\" content=\"https:\/\/berhouse.com\/ca\/lloguer\/pis-amb-jardi-privat\/\" \/>\n<meta property=\"og:site_name\" content=\"Berhouse\" \/>\n<meta property=\"article:published_time\" content=\"2025-02-24T10:14:15+00:00\" \/>\n<meta property=\"article:modified_time\" content=\"2025-02-24T10:25:08+00:00\" \/>\n<meta property=\"og:image\" content=\"https:\/\/berhouse.com\/wp-content\/uploads\/2025\/02\/Piso-con-jardin-privado-El-Masnou-1.jpg\" \/>\n\t<meta property=\"og:image:width\" content=\"1920\" \/>\n\t<meta property=\"og:image:height\" content=\"1440\" \/>\n\t<meta property=\"og:image:type\" content=\"image\/jpeg\" \/>\n<meta name=\"author\" content=\"activaweb\" \/>\n<meta name=\"twitter:card\" content=\"summary_large_image\" \/>\n<meta name=\"twitter:label1\" content=\"Escrit per\" \/>\n\t<meta name=\"twitter:data1\" content=\"activaweb\" \/>\n\t<meta name=\"twitter:label2\" content=\"Temps estimat de lectura\" \/>\n\t<meta name=\"twitter:data2\" content=\"1 minut\" \/>\n<script type=\"application\/ld+json\" class=\"yoast-schema-graph\">{\"@context\":\"https:\\\/\\\/schema.org\",\"@graph\":[{\"@type\":\"Article\",\"@id\":\"https:\\\/\\\/berhouse.com\\\/ca\\\/lloguer\\\/pis-amb-jardi-privat\\\/#article\",\"isPartOf\":{\"@id\":\"https:\\\/\\\/berhouse.com\\\/ca\\\/lloguer\\\/pis-amb-jardi-privat\\\/\"},\"author\":{\"name\":\"activaweb\",\"@id\":\"https:\\\/\\\/berhouse.com\\\/ca\\\/#\\\/schema\\\/person\\\/3c65e08e559afc5f7ba92992d149d71b\"},\"headline\":\"Pis amb jard\u00ed privat\",\"datePublished\":\"2025-02-24T10:14:15+00:00\",\"dateModified\":\"2025-02-24T10:25:08+00:00\",\"mainEntityOfPage\":{\"@id\":\"https:\\\/\\\/berhouse.com\\\/ca\\\/lloguer\\\/pis-amb-jardi-privat\\\/\"},\"wordCount\":108,\"publisher\":{\"@id\":\"https:\\\/\\\/berhouse.com\\\/ca\\\/#organization\"},\"image\":{\"@id\":\"https:\\\/\\\/berhouse.com\\\/ca\\\/lloguer\\\/pis-amb-jardi-privat\\\/#primaryimage\"},\"thumbnailUrl\":\"https:\\\/\\\/berhouse.com\\\/wp-content\\\/uploads\\\/2025\\\/02\\\/Piso-con-jardin-privado-El-Masnou-1.jpg\",\"keywords\":[\"El Masnou\"],\"articleSection\":[\"Alquiler\"],\"inLanguage\":\"ca\"},{\"@type\":\"WebPage\",\"@id\":\"https:\\\/\\\/berhouse.com\\\/ca\\\/lloguer\\\/pis-amb-jardi-privat\\\/\",\"url\":\"https:\\\/\\\/berhouse.com\\\/ca\\\/lloguer\\\/pis-amb-jardi-privat\\\/\",\"name\":\"Pis amb jard\u00ed privat - Berhouse\",\"isPartOf\":{\"@id\":\"https:\\\/\\\/berhouse.com\\\/ca\\\/#website\"},\"primaryImageOfPage\":{\"@id\":\"https:\\\/\\\/berhouse.com\\\/ca\\\/lloguer\\\/pis-amb-jardi-privat\\\/#primaryimage\"},\"image\":{\"@id\":\"https:\\\/\\\/berhouse.com\\\/ca\\\/lloguer\\\/pis-amb-jardi-privat\\\/#primaryimage\"},\"thumbnailUrl\":\"https:\\\/\\\/berhouse.com\\\/wp-content\\\/uploads\\\/2025\\\/02\\\/Piso-con-jardin-privado-El-Masnou-1.jpg\",\"datePublished\":\"2025-02-24T10:14:15+00:00\",\"dateModified\":\"2025-02-24T10:25:08+00:00\",\"breadcrumb\":{\"@id\":\"https:\\\/\\\/berhouse.com\\\/ca\\\/lloguer\\\/pis-amb-jardi-privat\\\/#breadcrumb\"},\"inLanguage\":\"ca\",\"potentialAction\":[{\"@type\":\"ReadAction\",\"target\":[\"https:\\\/\\\/berhouse.com\\\/ca\\\/lloguer\\\/pis-amb-jardi-privat\\\/\"]}]},{\"@type\":\"ImageObject\",\"inLanguage\":\"ca\",\"@id\":\"https:\\\/\\\/berhouse.com\\\/ca\\\/lloguer\\\/pis-amb-jardi-privat\\\/#primaryimage\",\"url\":\"https:\\\/\\\/berhouse.com\\\/wp-content\\\/uploads\\\/2025\\\/02\\\/Piso-con-jardin-privado-El-Masnou-1.jpg\",\"contentUrl\":\"https:\\\/\\\/berhouse.com\\\/wp-content\\\/uploads\\\/2025\\\/02\\\/Piso-con-jardin-privado-El-Masnou-1.jpg\",\"width\":1920,\"height\":1440,\"caption\":\"Piso con jard\u00edn privado - El Masnou - 1\"},{\"@type\":\"BreadcrumbList\",\"@id\":\"https:\\\/\\\/berhouse.com\\\/ca\\\/lloguer\\\/pis-amb-jardi-privat\\\/#breadcrumb\",\"itemListElement\":[{\"@type\":\"ListItem\",\"position\":1,\"name\":\"Portada\",\"item\":\"https:\\\/\\\/berhouse.com\\\/ca\\\/\"},{\"@type\":\"ListItem\",\"position\":2,\"name\":\"Pis amb jard\u00ed privat\"}]},{\"@type\":\"WebSite\",\"@id\":\"https:\\\/\\\/berhouse.com\\\/ca\\\/#website\",\"url\":\"https:\\\/\\\/berhouse.com\\\/ca\\\/\",\"name\":\"Berhouse\",\"description\":\"Servicios Inmobiliarios\",\"publisher\":{\"@id\":\"https:\\\/\\\/berhouse.com\\\/ca\\\/#organization\"},\"alternateName\":\"Tu agencia inmobiliaria en el Maresme\",\"potentialAction\":[{\"@type\":\"SearchAction\",\"target\":{\"@type\":\"EntryPoint\",\"urlTemplate\":\"https:\\\/\\\/berhouse.com\\\/ca\\\/?s={search_term_string}\"},\"query-input\":{\"@type\":\"PropertyValueSpecification\",\"valueRequired\":true,\"valueName\":\"search_term_string\"}}],\"inLanguage\":\"ca\"},{\"@type\":\"Organization\",\"@id\":\"https:\\\/\\\/berhouse.com\\\/ca\\\/#organization\",\"name\":\"Berhouse\",\"url\":\"https:\\\/\\\/berhouse.com\\\/ca\\\/\",\"logo\":{\"@type\":\"ImageObject\",\"inLanguage\":\"ca\",\"@id\":\"https:\\\/\\\/berhouse.com\\\/ca\\\/#\\\/schema\\\/logo\\\/image\\\/\",\"url\":\"https:\\\/\\\/berhouse.com\\\/wp-content\\\/uploads\\\/2024\\\/05\\\/logo-berhouse-1.webp\",\"contentUrl\":\"https:\\\/\\\/berhouse.com\\\/wp-content\\\/uploads\\\/2024\\\/05\\\/logo-berhouse-1.webp\",\"width\":250,\"height\":35,\"caption\":\"Berhouse\"},\"image\":{\"@id\":\"https:\\\/\\\/berhouse.com\\\/ca\\\/#\\\/schema\\\/logo\\\/image\\\/\"}},{\"@type\":\"Person\",\"@id\":\"https:\\\/\\\/berhouse.com\\\/ca\\\/#\\\/schema\\\/person\\\/3c65e08e559afc5f7ba92992d149d71b\",\"name\":\"activaweb\",\"url\":\"https:\\\/\\\/berhouse.com\\\/ca\\\/author\\\/activaweb\\\/\"}]}<\/script>\n<!-- \/ Yoast SEO plugin. -->","yoast_head_json":{"title":"Pis amb jard\u00ed privat - Berhouse","robots":{"index":"index","follow":"follow","max-snippet":"max-snippet:-1","max-image-preview":"max-image-preview:large","max-video-preview":"max-video-preview:-1"},"canonical":"https:\/\/berhouse.com\/ca\/lloguer\/pis-amb-jardi-privat\/","og_locale":"ca_ES","og_type":"article","og_title":"Pis amb jard\u00ed privat - Berhouse","og_description":"Pis a planta baixa amb un ampli jard\u00ed on gaudir de la natura i reunions familiars, amb acc\u00e9s directe des del sal\u00f3 menjador i cuina. El pis est\u00e0 distribu\u00eft en 1 sola planta i amb acc\u00e9s directe al jard\u00ed. A la zona de dia tenim un ampli sal\u00f3 menjador i la cuina independent. A la [&hellip;]","og_url":"https:\/\/berhouse.com\/ca\/lloguer\/pis-amb-jardi-privat\/","og_site_name":"Berhouse","article_published_time":"2025-02-24T10:14:15+00:00","article_modified_time":"2025-02-24T10:25:08+00:00","og_image":[{"width":1920,"height":1440,"url":"https:\/\/berhouse.com\/wp-content\/uploads\/2025\/02\/Piso-con-jardin-privado-El-Masnou-1.jpg","type":"image\/jpeg"}],"author":"activaweb","twitter_card":"summary_large_image","twitter_misc":{"Escrit per":"activaweb","Temps estimat de lectura":"1 minut"},"schema":{"@context":"https:\/\/schema.org","@graph":[{"@type":"Article","@id":"https:\/\/berhouse.com\/ca\/lloguer\/pis-amb-jardi-privat\/#article","isPartOf":{"@id":"https:\/\/berhouse.com\/ca\/lloguer\/pis-amb-jardi-privat\/"},"author":{"name":"activaweb","@id":"https:\/\/berhouse.com\/ca\/#\/schema\/person\/3c65e08e559afc5f7ba92992d149d71b"},"headline":"Pis amb jard\u00ed privat","datePublished":"2025-02-24T10:14:15+00:00","dateModified":"2025-02-24T10:25:08+00:00","mainEntityOfPage":{"@id":"https:\/\/berhouse.com\/ca\/lloguer\/pis-amb-jardi-privat\/"},"wordCount":108,"publisher":{"@id":"https:\/\/berhouse.com\/ca\/#organization"},"image":{"@id":"https:\/\/berhouse.com\/ca\/lloguer\/pis-amb-jardi-privat\/#primaryimage"},"thumbnailUrl":"https:\/\/berhouse.com\/wp-content\/uploads\/2025\/02\/Piso-con-jardin-privado-El-Masnou-1.jpg","keywords":["El Masnou"],"articleSection":["Alquiler"],"inLanguage":"ca"},{"@type":"WebPage","@id":"https:\/\/berhouse.com\/ca\/lloguer\/pis-amb-jardi-privat\/","url":"https:\/\/berhouse.com\/ca\/lloguer\/pis-amb-jardi-privat\/","name":"Pis amb jard\u00ed privat - Berhouse","isPartOf":{"@id":"https:\/\/berhouse.com\/ca\/#website"},"primaryImageOfPage":{"@id":"https:\/\/berhouse.com\/ca\/lloguer\/pis-amb-jardi-privat\/#primaryimage"},"image":{"@id":"https:\/\/berhouse.com\/ca\/lloguer\/pis-amb-jardi-privat\/#primaryimage"},"thumbnailUrl":"https:\/\/berhouse.com\/wp-content\/uploads\/2025\/02\/Piso-con-jardin-privado-El-Masnou-1.jpg","datePublished":"2025-02-24T10:14:15+00:00","dateModified":"2025-02-24T10:25:08+00:00","breadcrumb":{"@id":"https:\/\/berhouse.com\/ca\/lloguer\/pis-amb-jardi-privat\/#breadcrumb"},"inLanguage":"ca","potentialAction":[{"@type":"ReadAction","target":["https:\/\/berhouse.com\/ca\/lloguer\/pis-amb-jardi-privat\/"]}]},{"@type":"ImageObject","inLanguage":"ca","@id":"https:\/\/berhouse.com\/ca\/lloguer\/pis-amb-jardi-privat\/#primaryimage","url":"https:\/\/berhouse.com\/wp-content\/uploads\/2025\/02\/Piso-con-jardin-privado-El-Masnou-1.jpg","contentUrl":"https:\/\/berhouse.com\/wp-content\/uploads\/2025\/02\/Piso-con-jardin-privado-El-Masnou-1.jpg","width":1920,"height":1440,"caption":"Piso con jard\u00edn privado - El Masnou - 1"},{"@type":"BreadcrumbList","@id":"https:\/\/berhouse.com\/ca\/lloguer\/pis-amb-jardi-privat\/#breadcrumb","itemListElement":[{"@type":"ListItem","position":1,"name":"Portada","item":"https:\/\/berhouse.com\/ca\/"},{"@type":"ListItem","position":2,"name":"Pis amb jard\u00ed privat"}]},{"@type":"WebSite","@id":"https:\/\/berhouse.com\/ca\/#website","url":"https:\/\/berhouse.com\/ca\/","name":"Berhouse","description":"Servicios Inmobiliarios","publisher":{"@id":"https:\/\/berhouse.com\/ca\/#organization"},"alternateName":"Tu agencia inmobiliaria en el Maresme","potentialAction":[{"@type":"SearchAction","target":{"@type":"EntryPoint","urlTemplate":"https:\/\/berhouse.com\/ca\/?s={search_term_string}"},"query-input":{"@type":"PropertyValueSpecification","valueRequired":true,"valueName":"search_term_string"}}],"inLanguage":"ca"},{"@type":"Organization","@id":"https:\/\/berhouse.com\/ca\/#organization","name":"Berhouse","url":"https:\/\/berhouse.com\/ca\/","logo":{"@type":"ImageObject","inLanguage":"ca","@id":"https:\/\/berhouse.com\/ca\/#\/schema\/logo\/image\/","url":"https:\/\/berhouse.com\/wp-content\/uploads\/2024\/05\/logo-berhouse-1.webp","contentUrl":"https:\/\/berhouse.com\/wp-content\/uploads\/2024\/05\/logo-berhouse-1.webp","width":250,"height":35,"caption":"Berhouse"},"image":{"@id":"https:\/\/berhouse.com\/ca\/#\/schema\/logo\/image\/"}},{"@type":"Person","@id":"https:\/\/berhouse.com\/ca\/#\/schema\/person\/3c65e08e559afc5f7ba92992d149d71b","name":"activaweb","url":"https:\/\/berhouse.com\/ca\/author\/activaweb\/"}]}},"toolset-meta":{"planos":{"imagen-plano-1":{"type":"image","raw":"","attachment_id":null},"pdf-plano-1":{"type":"file","raw":"","attachment_id":null},"imagen-plano-2":{"type":"image","raw":"","attachment_id":null},"pdf-plano-2":{"type":"file","raw":"","attachment_id":null},"imagen-plano-3":{"type":"image","raw":"","attachment_id":null},"pdf-plano-3":{"type":"file","raw":"","attachment_id":null},"imagen-plano-4":{"type":"image","raw":"","attachment_id":null},"pdf-plano-4":{"type":"file","raw":"","attachment_id":null}},"calificacion-energetica":{"calificacion-energetica":{"type":"select","raw":"C"},"consumo-de-energia-kwh-m-ano":{"type":"numeric","raw":""},"emisiones-de-co2-kg-co2-m-ano":{"type":"numeric","raw":""}},"galeria-multimedia":{"imagen-lateral-de-la-ficha":{"type":"image","raw":"https:\/\/berhouse.com\/wp-content\/uploads\/2025\/02\/Piso-con-jardin-privado-El-Masnou-4.jpg","attachment_id":4956},"imagenes-de-la-galeria":{"type":"image","raw":["https:\/\/berhouse.com\/wp-content\/uploads\/2025\/02\/Piso-con-jardin-privado-El-Masnou-1.jpg","https:\/\/berhouse.com\/wp-content\/uploads\/2025\/02\/Piso-con-jardin-privado-El-Masnou-2.jpg","https:\/\/berhouse.com\/wp-content\/uploads\/2025\/02\/Piso-con-jardin-privado-El-Masnou-3.jpg","https:\/\/berhouse.com\/wp-content\/uploads\/2025\/02\/Piso-con-jardin-privado-El-Masnou-5.jpg","https:\/\/berhouse.com\/wp-content\/uploads\/2025\/02\/Piso-con-jardin-privado-El-Masnou-6.jpg","https:\/\/berhouse.com\/wp-content\/uploads\/2025\/02\/Piso-con-jardin-privado-El-Masnou-4.jpg","https:\/\/berhouse.com\/wp-content\/uploads\/2025\/02\/Piso-con-jardin-privado-El-Masnou-10.jpg","https:\/\/berhouse.com\/wp-content\/uploads\/2025\/02\/Piso-con-jardin-privado-El-Masnou-8.jpg","https:\/\/berhouse.com\/wp-content\/uploads\/2025\/02\/Piso-con-jardin-privado-El-Masnou-9.jpg","https:\/\/berhouse.com\/wp-content\/uploads\/2025\/02\/Piso-con-jardin-privado-El-Masnou-7.jpg","https:\/\/berhouse.com\/wp-content\/uploads\/2025\/02\/Piso-con-jardin-privado-El-Masnou-11.jpg","https:\/\/berhouse.com\/wp-content\/uploads\/2025\/02\/Piso-con-jardin-privado-El-Masnou-12.jpg","https:\/\/berhouse.com\/wp-content\/uploads\/2025\/02\/Piso-con-jardin-privado-El-Masnou-13.jpg","https:\/\/berhouse.com\/wp-content\/uploads\/2025\/02\/Piso-con-jardin-privado-El-Masnou-14.jpg","https:\/\/berhouse.com\/wp-content\/uploads\/2025\/02\/Piso-con-jardin-privado-El-Masnou-15.jpg","https:\/\/berhouse.com\/wp-content\/uploads\/2025\/02\/Piso-con-jardin-privado-El-Masnou-16.jpg","https:\/\/berhouse.com\/wp-content\/uploads\/2025\/02\/Piso-con-jardin-privado-El-Masnou-17.jpg","https:\/\/berhouse.com\/wp-content\/uploads\/2025\/02\/Piso-con-jardin-privado-El-Masnou-18.jpg","https:\/\/berhouse.com\/wp-content\/uploads\/2025\/02\/Piso-con-jardin-privado-El-Masnou-19.jpg","https:\/\/berhouse.com\/wp-content\/uploads\/2025\/02\/Piso-con-jardin-privado-El-Masnou-23.jpg","https:\/\/berhouse.com\/wp-content\/uploads\/2025\/02\/Piso-con-jardin-privado-El-Masnou-22.jpg","https:\/\/berhouse.com\/wp-content\/uploads\/2025\/02\/Piso-con-jardin-privado-El-Masnou-21.jpg","https:\/\/berhouse.com\/wp-content\/uploads\/2025\/02\/Piso-con-jardin-privado-El-Masnou-20.jpg","https:\/\/berhouse.com\/wp-content\/uploads\/2025\/02\/Piso-con-jardin-privado-El-Masnou-24.jpg"],"repeatable":[{"raw":"https:\/\/berhouse.com\/wp-content\/uploads\/2025\/02\/Piso-con-jardin-privado-El-Masnou-1.jpg","attachment_id":4947},{"raw":"https:\/\/berhouse.com\/wp-content\/uploads\/2025\/02\/Piso-con-jardin-privado-El-Masnou-2.jpg","attachment_id":4950},{"raw":"https:\/\/berhouse.com\/wp-content\/uploads\/2025\/02\/Piso-con-jardin-privado-El-Masnou-3.jpg","attachment_id":4953},{"raw":"https:\/\/berhouse.com\/wp-content\/uploads\/2025\/02\/Piso-con-jardin-privado-El-Masnou-5.jpg","attachment_id":4959},{"raw":"https:\/\/berhouse.com\/wp-content\/uploads\/2025\/02\/Piso-con-jardin-privado-El-Masnou-6.jpg","attachment_id":4962},{"raw":"https:\/\/berhouse.com\/wp-content\/uploads\/2025\/02\/Piso-con-jardin-privado-El-Masnou-4.jpg","attachment_id":4956},{"raw":"https:\/\/berhouse.com\/wp-content\/uploads\/2025\/02\/Piso-con-jardin-privado-El-Masnou-10.jpg","attachment_id":4974},{"raw":"https:\/\/berhouse.com\/wp-content\/uploads\/2025\/02\/Piso-con-jardin-privado-El-Masnou-8.jpg","attachment_id":4968},{"raw":"https:\/\/berhouse.com\/wp-content\/uploads\/2025\/02\/Piso-con-jardin-privado-El-Masnou-9.jpg","attachment_id":4971},{"raw":"https:\/\/berhouse.com\/wp-content\/uploads\/2025\/02\/Piso-con-jardin-privado-El-Masnou-7.jpg","attachment_id":4965},{"raw":"https:\/\/berhouse.com\/wp-content\/uploads\/2025\/02\/Piso-con-jardin-privado-El-Masnou-11.jpg","attachment_id":4977},{"raw":"https:\/\/berhouse.com\/wp-content\/uploads\/2025\/02\/Piso-con-jardin-privado-El-Masnou-12.jpg","attachment_id":4980},{"raw":"https:\/\/berhouse.com\/wp-content\/uploads\/2025\/02\/Piso-con-jardin-privado-El-Masnou-13.jpg","attachment_id":4983},{"raw":"https:\/\/berhouse.com\/wp-content\/uploads\/2025\/02\/Piso-con-jardin-privado-El-Masnou-14.jpg","attachment_id":4986},{"raw":"https:\/\/berhouse.com\/wp-content\/uploads\/2025\/02\/Piso-con-jardin-privado-El-Masnou-15.jpg","attachment_id":4989},{"raw":"https:\/\/berhouse.com\/wp-content\/uploads\/2025\/02\/Piso-con-jardin-privado-El-Masnou-16.jpg","attachment_id":4992},{"raw":"https:\/\/berhouse.com\/wp-content\/uploads\/2025\/02\/Piso-con-jardin-privado-El-Masnou-17.jpg","attachment_id":4995},{"raw":"https:\/\/berhouse.com\/wp-content\/uploads\/2025\/02\/Piso-con-jardin-privado-El-Masnou-18.jpg","attachment_id":4998},{"raw":"https:\/\/berhouse.com\/wp-content\/uploads\/2025\/02\/Piso-con-jardin-privado-El-Masnou-19.jpg","attachment_id":5001},{"raw":"https:\/\/berhouse.com\/wp-content\/uploads\/2025\/02\/Piso-con-jardin-privado-El-Masnou-23.jpg","attachment_id":5013},{"raw":"https:\/\/berhouse.com\/wp-content\/uploads\/2025\/02\/Piso-con-jardin-privado-El-Masnou-22.jpg","attachment_id":5010},{"raw":"https:\/\/berhouse.com\/wp-content\/uploads\/2025\/02\/Piso-con-jardin-privado-El-Masnou-21.jpg","attachment_id":5007},{"raw":"https:\/\/berhouse.com\/wp-content\/uploads\/2025\/02\/Piso-con-jardin-privado-El-Masnou-20.jpg","attachment_id":5004},{"raw":"https:\/\/berhouse.com\/wp-content\/uploads\/2025\/02\/Piso-con-jardin-privado-El-Masnou-24.jpg","attachment_id":4944}]},"video-externo":{"type":"textfield","raw":""},"video-externo-2":{"type":"textfield","raw":""}},"caracteristicas-de-la-propiedad-ampliacion":{"puerta-blindada":{"type":"checkbox","raw":"1"},"aire-acondicionado":{"type":"checkbox","raw":"1"},"calefaccion":{"type":"checkbox","raw":"1"},"gimnasio":{"type":"checkbox","raw":""},"lavadero":{"type":"checkbox","raw":""},"piscina-privada":{"type":"checkbox","raw":""},"instalaciones-deportivas":{"type":"checkbox","raw":""},"barbacoa":{"type":"checkbox","raw":""},"sauna":{"type":"checkbox","raw":""},"jacuzzi":{"type":"checkbox","raw":""},"domotica":{"type":"checkbox","raw":"1"},"ascensor":{"type":"checkbox","raw":""},"piscina-comunitaria":{"type":"checkbox","raw":""},"paneles-solares":{"type":"checkbox","raw":""},"aerotermia":{"type":"checkbox","raw":""},"videoportero":{"type":"checkbox","raw":""},"ojos-de-buey":{"type":"checkbox","raw":"1"},"vivienda-adaptada":{"type":"checkbox","raw":""},"vistas-al-mar":{"type":"checkbox","raw":""},"vistas-a-la-montana":{"type":"checkbox","raw":""}},"caracteristicas-de-la-propiedad":{"referencia":{"type":"textfield","raw":"BRH-693B"},"precio":{"type":"textfield","raw":"1.250"},"numero-de-plantas":{"type":"textfield","raw":""},"planta":{"type":"textfield","raw":""},"ano-de-construccion":{"type":"textfield","raw":"2009"},"superficie-de-parcela":{"type":"textfield","raw":""},"superficie-construida":{"type":"textfield","raw":"88"},"superficie-util":{"type":"textfield","raw":""},"superficie-de-jardin":{"type":"textfield","raw":""},"superficie-de-terraza":{"type":"textfield","raw":""},"superficie-de-garaje":{"type":"textfield","raw":""},"superficie-de-buhardilla":{"type":"textfield","raw":""},"habitaciones-totales":{"type":"numeric","raw":"2"},"habitaciones-dobles":{"type":"textfield","raw":""},"habitaciones-individuales":{"type":"textfield","raw":""},"banos-totales":{"type":"numeric","raw":"2"},"banos":{"type":"textfield","raw":""},"aseos":{"type":"textfield","raw":""},"plazas-de-parking":{"type":"textfield","raw":"1"},"tipo-de-cocina":{"type":"select","raw":"Tipo office"},"carpinteria-exterior":{"type":"select","raw":"Aluminio-climalit"}}},"_links":{"self":[{"href":"https:\/\/berhouse.com\/ca\/wp-json\/wp\/v2\/posts\/5017","targetHints":{"allow":["GET"]}}],"collection":[{"href":"https:\/\/berhouse.com\/ca\/wp-json\/wp\/v2\/posts"}],"about":[{"href":"https:\/\/berhouse.com\/ca\/wp-json\/wp\/v2\/types\/post"}],"author":[{"embeddable":true,"href":"https:\/\/berhouse.com\/ca\/wp-json\/wp\/v2\/users\/1"}],"replies":[{"embeddable":true,"href":"https:\/\/berhouse.com\/ca\/wp-json\/wp\/v2\/comments?post=5017"}],"version-history":[{"count":0,"href":"https:\/\/berhouse.com\/ca\/wp-json\/wp\/v2\/posts\/5017\/revisions"}],"wp:featuredmedia":[{"embeddable":true,"href":"https:\/\/berhouse.com\/ca\/wp-json\/wp\/v2\/media\/4947"}],"wp:attachment":[{"href":"https:\/\/berhouse.com\/ca\/wp-json\/wp\/v2\/media?parent=5017"}],"wp:term":[{"taxonomy":"category","embeddable":true,"href":"https:\/\/berhouse.com\/ca\/wp-json\/wp\/v2\/categories?post=5017"},{"taxonomy":"post_tag","embeddable":true,"href":"https:\/\/berhouse.com\/ca\/wp-json\/wp\/v2\/tags?post=5017"},{"taxonomy":"tipo-de-propiedad","embeddable":true,"href":"https:\/\/berhouse.com\/ca\/wp-json\/wp\/v2\/tipo-de-propiedad?post=5017"},{"taxonomy":"estado-comercial","embeddable":true,"href":"https:\/\/berhouse.com\/ca\/wp-json\/wp\/v2\/estado-comercial?post=5017"}],"curies":[{"name":"wp","href":"https:\/\/api.w.org\/{rel}","templated":true}]}}