{"id":3930,"date":"2024-12-16T16:54:29","date_gmt":"2024-12-16T16:54:29","guid":{"rendered":"https:\/\/berhouse.activaweb.net\/sense-categoritzar\/vila-de-luxe-a-alella-urbanitzacio-can-teixido-costa-del-maresme\/"},"modified":"2024-12-16T16:54:29","modified_gmt":"2024-12-16T16:54:29","slug":"vila-de-luxe-a-alella-urbanitzacio-can-teixido-costa-del-maresme","status":"publish","type":"post","link":"https:\/\/berhouse.com\/ca\/compra-ca\/vila-de-luxe-a-alella-urbanitzacio-can-teixido-costa-del-maresme\/","title":{"rendered":"Vila de Luxe a Alella, urbanitzaci\u00f3 Can Teixid\u00f3, costa del Maresme"},"content":{"rendered":"<p>Casa Mediterr\u00e0nia a Alella, ubicada a la m\u00e9s prestigiosa urbanitzaci\u00f3 del Maresme Can Teixid\u00f3, amb vigil\u00e0ncia de seguretat les 24 hores del dia, molt ben situada a escassos metres del centre urb\u00e0.<\/p>\n<p>Amb una superf\u00edcie constru\u00efda de 450m\u00b2 i s&#8217;assenta sobre una parcel\u00b7la plana de 1300m\u00b2. <\/p>\n<p>Es divideix en dues c\u00f2modes plantes amb abundant llum natural a totes les estances. <\/p>\n<p>A la planta principal tenim un ampli hall que ens endinsa a un gran sal\u00f3 menjador i un altre sal\u00f3 independent amb llar de foc, una \u00e0mplia cuina office totalment equipada d&#8217;estil r\u00fastic, una habitaci\u00f3 doble i un lavabo auxiliar. <\/p>\n<p>Tamb\u00e9 tenim la cambra de servei mes la zona de rentat i planxa. <\/p>\n<p>A la planta superior daquest habitatge tenim ubicada la zona de nit; amb 3 habitacions dobles, 1 tipus suite i 2 cambres de bany.<\/p>\n<p>A la planta soterrani hi ha el garatge amb capacitat per a dos cotxes. <\/p>\n<p>La luxosa casa es revesteix amb terres de parquet, compta amb persianes autom\u00e0tiques, aire condicionat i calefacci\u00f3 de gas per radiadors. <\/p>\n<p>A l&#8217;exterior d\u00b4aquesta luxosa casa trobem un bonic porxo de 90m\u00b2, amb acc\u00e9s directe i aquest des de la cuina i el sal\u00f3 menjador, al propi jard\u00ed de la casa tenim ubicada una magn\u00edfica piscina molt privada envoltada de gespa natural.<\/p>\n","protected":false},"excerpt":{"rendered":"<p>Casa Mediterr\u00e0nia a Alella, ubicada a la m\u00e9s prestigiosa urbanitzaci\u00f3 del Maresme Can Teixid\u00f3, amb vigil\u00e0ncia de seguretat les 24 hores del dia, molt ben situada a escassos metres del centre urb\u00e0. Amb una superf\u00edcie constru\u00efda de 450m\u00b2 i s&#8217;assenta sobre una parcel\u00b7la plana de 1300m\u00b2. Es divideix en dues c\u00f2modes plantes amb abundant llum [&hellip;]<\/p>\n","protected":false},"author":1,"featured_media":2286,"comment_status":"closed","ping_status":"closed","sticky":false,"template":"","format":"standard","meta":{"footnotes":""},"categories":[19],"tags":[97],"tipo-de-propiedad":[44,103,86],"estado-comercial":[],"class_list":["post-3930","post","type-post","status-publish","format-standard","has-post-thumbnail","hentry","category-compra-ca","tag-alella-ca","tipo-de-propiedad-casa-ca","tipo-de-propiedad-propietats-de-luxe","tipo-de-propiedad-xalet"],"yoast_head":"<!-- This site is optimized with the Yoast SEO plugin v27.4 - https:\/\/yoast.com\/product\/yoast-seo-wordpress\/ -->\n<title>Vila de Luxe a Alella, urbanitzaci\u00f3 Can Teixid\u00f3, costa del Maresme - Berhouse<\/title>\n<meta name=\"robots\" content=\"index, follow, max-snippet:-1, max-image-preview:large, max-video-preview:-1\" \/>\n<link rel=\"canonical\" href=\"https:\/\/berhouse.com\/ca\/compra-ca\/vila-de-luxe-a-alella-urbanitzacio-can-teixido-costa-del-maresme\/\" \/>\n<meta property=\"og:locale\" content=\"ca_ES\" \/>\n<meta property=\"og:type\" content=\"article\" \/>\n<meta property=\"og:title\" content=\"Vila de Luxe a Alella, urbanitzaci\u00f3 Can Teixid\u00f3, costa del Maresme - Berhouse\" \/>\n<meta property=\"og:description\" content=\"Casa Mediterr\u00e0nia a Alella, ubicada a la m\u00e9s prestigiosa urbanitzaci\u00f3 del Maresme Can Teixid\u00f3, amb vigil\u00e0ncia de seguretat les 24 hores del dia, molt ben situada a escassos metres del centre urb\u00e0. Amb una superf\u00edcie constru\u00efda de 450m\u00b2 i s&#8217;assenta sobre una parcel\u00b7la plana de 1300m\u00b2. Es divideix en dues c\u00f2modes plantes amb abundant llum [&hellip;]\" \/>\n<meta property=\"og:url\" content=\"https:\/\/berhouse.com\/ca\/compra-ca\/vila-de-luxe-a-alella-urbanitzacio-can-teixido-costa-del-maresme\/\" \/>\n<meta property=\"og:site_name\" content=\"Berhouse\" \/>\n<meta property=\"article:published_time\" content=\"2024-12-16T16:54:29+00:00\" \/>\n<meta property=\"og:image\" content=\"https:\/\/berhouse.com\/wp-content\/uploads\/2024\/12\/foto1.jpg\" \/>\n\t<meta property=\"og:image:width\" content=\"1920\" \/>\n\t<meta property=\"og:image:height\" content=\"1439\" \/>\n\t<meta property=\"og:image:type\" content=\"image\/jpeg\" \/>\n<meta name=\"author\" content=\"activaweb\" \/>\n<meta name=\"twitter:card\" content=\"summary_large_image\" \/>\n<meta name=\"twitter:label1\" content=\"Escrit per\" \/>\n\t<meta name=\"twitter:data1\" content=\"activaweb\" \/>\n\t<meta name=\"twitter:label2\" content=\"Temps estimat de lectura\" \/>\n\t<meta name=\"twitter:data2\" content=\"1 minut\" \/>\n<script type=\"application\/ld+json\" class=\"yoast-schema-graph\">{\"@context\":\"https:\\\/\\\/schema.org\",\"@graph\":[{\"@type\":\"Article\",\"@id\":\"https:\\\/\\\/berhouse.com\\\/ca\\\/compra-ca\\\/vila-de-luxe-a-alella-urbanitzacio-can-teixido-costa-del-maresme\\\/#article\",\"isPartOf\":{\"@id\":\"https:\\\/\\\/berhouse.com\\\/ca\\\/compra-ca\\\/vila-de-luxe-a-alella-urbanitzacio-can-teixido-costa-del-maresme\\\/\"},\"author\":{\"name\":\"activaweb\",\"@id\":\"https:\\\/\\\/berhouse.com\\\/ca\\\/#\\\/schema\\\/person\\\/3c65e08e559afc5f7ba92992d149d71b\"},\"headline\":\"Vila de Luxe a Alella, urbanitzaci\u00f3 Can Teixid\u00f3, costa del Maresme\",\"datePublished\":\"2024-12-16T16:54:29+00:00\",\"mainEntityOfPage\":{\"@id\":\"https:\\\/\\\/berhouse.com\\\/ca\\\/compra-ca\\\/vila-de-luxe-a-alella-urbanitzacio-can-teixido-costa-del-maresme\\\/\"},\"wordCount\":235,\"publisher\":{\"@id\":\"https:\\\/\\\/berhouse.com\\\/ca\\\/#organization\"},\"image\":{\"@id\":\"https:\\\/\\\/berhouse.com\\\/ca\\\/compra-ca\\\/vila-de-luxe-a-alella-urbanitzacio-can-teixido-costa-del-maresme\\\/#primaryimage\"},\"thumbnailUrl\":\"https:\\\/\\\/berhouse.com\\\/wp-content\\\/uploads\\\/2024\\\/12\\\/foto1.jpg\",\"keywords\":[\"Alella\"],\"articleSection\":[\"Compra\"],\"inLanguage\":\"ca\"},{\"@type\":\"WebPage\",\"@id\":\"https:\\\/\\\/berhouse.com\\\/ca\\\/compra-ca\\\/vila-de-luxe-a-alella-urbanitzacio-can-teixido-costa-del-maresme\\\/\",\"url\":\"https:\\\/\\\/berhouse.com\\\/ca\\\/compra-ca\\\/vila-de-luxe-a-alella-urbanitzacio-can-teixido-costa-del-maresme\\\/\",\"name\":\"Vila de Luxe a Alella, urbanitzaci\u00f3 Can Teixid\u00f3, costa del Maresme - Berhouse\",\"isPartOf\":{\"@id\":\"https:\\\/\\\/berhouse.com\\\/ca\\\/#website\"},\"primaryImageOfPage\":{\"@id\":\"https:\\\/\\\/berhouse.com\\\/ca\\\/compra-ca\\\/vila-de-luxe-a-alella-urbanitzacio-can-teixido-costa-del-maresme\\\/#primaryimage\"},\"image\":{\"@id\":\"https:\\\/\\\/berhouse.com\\\/ca\\\/compra-ca\\\/vila-de-luxe-a-alella-urbanitzacio-can-teixido-costa-del-maresme\\\/#primaryimage\"},\"thumbnailUrl\":\"https:\\\/\\\/berhouse.com\\\/wp-content\\\/uploads\\\/2024\\\/12\\\/foto1.jpg\",\"datePublished\":\"2024-12-16T16:54:29+00:00\",\"breadcrumb\":{\"@id\":\"https:\\\/\\\/berhouse.com\\\/ca\\\/compra-ca\\\/vila-de-luxe-a-alella-urbanitzacio-can-teixido-costa-del-maresme\\\/#breadcrumb\"},\"inLanguage\":\"ca\",\"potentialAction\":[{\"@type\":\"ReadAction\",\"target\":[\"https:\\\/\\\/berhouse.com\\\/ca\\\/compra-ca\\\/vila-de-luxe-a-alella-urbanitzacio-can-teixido-costa-del-maresme\\\/\"]}]},{\"@type\":\"ImageObject\",\"inLanguage\":\"ca\",\"@id\":\"https:\\\/\\\/berhouse.com\\\/ca\\\/compra-ca\\\/vila-de-luxe-a-alella-urbanitzacio-can-teixido-costa-del-maresme\\\/#primaryimage\",\"url\":\"https:\\\/\\\/berhouse.com\\\/wp-content\\\/uploads\\\/2024\\\/12\\\/foto1.jpg\",\"contentUrl\":\"https:\\\/\\\/berhouse.com\\\/wp-content\\\/uploads\\\/2024\\\/12\\\/foto1.jpg\",\"width\":1920,\"height\":1439,\"caption\":\"foto1\"},{\"@type\":\"BreadcrumbList\",\"@id\":\"https:\\\/\\\/berhouse.com\\\/ca\\\/compra-ca\\\/vila-de-luxe-a-alella-urbanitzacio-can-teixido-costa-del-maresme\\\/#breadcrumb\",\"itemListElement\":[{\"@type\":\"ListItem\",\"position\":1,\"name\":\"Portada\",\"item\":\"https:\\\/\\\/berhouse.com\\\/ca\\\/\"},{\"@type\":\"ListItem\",\"position\":2,\"name\":\"Vila de Luxe a Alella, urbanitzaci\u00f3 Can Teixid\u00f3, costa del Maresme\"}]},{\"@type\":\"WebSite\",\"@id\":\"https:\\\/\\\/berhouse.com\\\/ca\\\/#website\",\"url\":\"https:\\\/\\\/berhouse.com\\\/ca\\\/\",\"name\":\"Berhouse\",\"description\":\"Servicios Inmobiliarios\",\"publisher\":{\"@id\":\"https:\\\/\\\/berhouse.com\\\/ca\\\/#organization\"},\"alternateName\":\"Tu agencia inmobiliaria en el Maresme\",\"potentialAction\":[{\"@type\":\"SearchAction\",\"target\":{\"@type\":\"EntryPoint\",\"urlTemplate\":\"https:\\\/\\\/berhouse.com\\\/ca\\\/?s={search_term_string}\"},\"query-input\":{\"@type\":\"PropertyValueSpecification\",\"valueRequired\":true,\"valueName\":\"search_term_string\"}}],\"inLanguage\":\"ca\"},{\"@type\":\"Organization\",\"@id\":\"https:\\\/\\\/berhouse.com\\\/ca\\\/#organization\",\"name\":\"Berhouse\",\"url\":\"https:\\\/\\\/berhouse.com\\\/ca\\\/\",\"logo\":{\"@type\":\"ImageObject\",\"inLanguage\":\"ca\",\"@id\":\"https:\\\/\\\/berhouse.com\\\/ca\\\/#\\\/schema\\\/logo\\\/image\\\/\",\"url\":\"https:\\\/\\\/berhouse.com\\\/wp-content\\\/uploads\\\/2024\\\/05\\\/logo-berhouse-1.webp\",\"contentUrl\":\"https:\\\/\\\/berhouse.com\\\/wp-content\\\/uploads\\\/2024\\\/05\\\/logo-berhouse-1.webp\",\"width\":250,\"height\":35,\"caption\":\"Berhouse\"},\"image\":{\"@id\":\"https:\\\/\\\/berhouse.com\\\/ca\\\/#\\\/schema\\\/logo\\\/image\\\/\"}},{\"@type\":\"Person\",\"@id\":\"https:\\\/\\\/berhouse.com\\\/ca\\\/#\\\/schema\\\/person\\\/3c65e08e559afc5f7ba92992d149d71b\",\"name\":\"activaweb\",\"url\":\"https:\\\/\\\/berhouse.com\\\/ca\\\/author\\\/activaweb\\\/\"}]}<\/script>\n<!-- \/ Yoast SEO plugin. -->","yoast_head_json":{"title":"Vila de Luxe a Alella, urbanitzaci\u00f3 Can Teixid\u00f3, costa del Maresme - Berhouse","robots":{"index":"index","follow":"follow","max-snippet":"max-snippet:-1","max-image-preview":"max-image-preview:large","max-video-preview":"max-video-preview:-1"},"canonical":"https:\/\/berhouse.com\/ca\/compra-ca\/vila-de-luxe-a-alella-urbanitzacio-can-teixido-costa-del-maresme\/","og_locale":"ca_ES","og_type":"article","og_title":"Vila de Luxe a Alella, urbanitzaci\u00f3 Can Teixid\u00f3, costa del Maresme - Berhouse","og_description":"Casa Mediterr\u00e0nia a Alella, ubicada a la m\u00e9s prestigiosa urbanitzaci\u00f3 del Maresme Can Teixid\u00f3, amb vigil\u00e0ncia de seguretat les 24 hores del dia, molt ben situada a escassos metres del centre urb\u00e0. Amb una superf\u00edcie constru\u00efda de 450m\u00b2 i s&#8217;assenta sobre una parcel\u00b7la plana de 1300m\u00b2. Es divideix en dues c\u00f2modes plantes amb abundant llum [&hellip;]","og_url":"https:\/\/berhouse.com\/ca\/compra-ca\/vila-de-luxe-a-alella-urbanitzacio-can-teixido-costa-del-maresme\/","og_site_name":"Berhouse","article_published_time":"2024-12-16T16:54:29+00:00","og_image":[{"width":1920,"height":1439,"url":"https:\/\/berhouse.com\/wp-content\/uploads\/2024\/12\/foto1.jpg","type":"image\/jpeg"}],"author":"activaweb","twitter_card":"summary_large_image","twitter_misc":{"Escrit per":"activaweb","Temps estimat de lectura":"1 minut"},"schema":{"@context":"https:\/\/schema.org","@graph":[{"@type":"Article","@id":"https:\/\/berhouse.com\/ca\/compra-ca\/vila-de-luxe-a-alella-urbanitzacio-can-teixido-costa-del-maresme\/#article","isPartOf":{"@id":"https:\/\/berhouse.com\/ca\/compra-ca\/vila-de-luxe-a-alella-urbanitzacio-can-teixido-costa-del-maresme\/"},"author":{"name":"activaweb","@id":"https:\/\/berhouse.com\/ca\/#\/schema\/person\/3c65e08e559afc5f7ba92992d149d71b"},"headline":"Vila de Luxe a Alella, urbanitzaci\u00f3 Can Teixid\u00f3, costa del Maresme","datePublished":"2024-12-16T16:54:29+00:00","mainEntityOfPage":{"@id":"https:\/\/berhouse.com\/ca\/compra-ca\/vila-de-luxe-a-alella-urbanitzacio-can-teixido-costa-del-maresme\/"},"wordCount":235,"publisher":{"@id":"https:\/\/berhouse.com\/ca\/#organization"},"image":{"@id":"https:\/\/berhouse.com\/ca\/compra-ca\/vila-de-luxe-a-alella-urbanitzacio-can-teixido-costa-del-maresme\/#primaryimage"},"thumbnailUrl":"https:\/\/berhouse.com\/wp-content\/uploads\/2024\/12\/foto1.jpg","keywords":["Alella"],"articleSection":["Compra"],"inLanguage":"ca"},{"@type":"WebPage","@id":"https:\/\/berhouse.com\/ca\/compra-ca\/vila-de-luxe-a-alella-urbanitzacio-can-teixido-costa-del-maresme\/","url":"https:\/\/berhouse.com\/ca\/compra-ca\/vila-de-luxe-a-alella-urbanitzacio-can-teixido-costa-del-maresme\/","name":"Vila de Luxe a Alella, urbanitzaci\u00f3 Can Teixid\u00f3, costa del Maresme - Berhouse","isPartOf":{"@id":"https:\/\/berhouse.com\/ca\/#website"},"primaryImageOfPage":{"@id":"https:\/\/berhouse.com\/ca\/compra-ca\/vila-de-luxe-a-alella-urbanitzacio-can-teixido-costa-del-maresme\/#primaryimage"},"image":{"@id":"https:\/\/berhouse.com\/ca\/compra-ca\/vila-de-luxe-a-alella-urbanitzacio-can-teixido-costa-del-maresme\/#primaryimage"},"thumbnailUrl":"https:\/\/berhouse.com\/wp-content\/uploads\/2024\/12\/foto1.jpg","datePublished":"2024-12-16T16:54:29+00:00","breadcrumb":{"@id":"https:\/\/berhouse.com\/ca\/compra-ca\/vila-de-luxe-a-alella-urbanitzacio-can-teixido-costa-del-maresme\/#breadcrumb"},"inLanguage":"ca","potentialAction":[{"@type":"ReadAction","target":["https:\/\/berhouse.com\/ca\/compra-ca\/vila-de-luxe-a-alella-urbanitzacio-can-teixido-costa-del-maresme\/"]}]},{"@type":"ImageObject","inLanguage":"ca","@id":"https:\/\/berhouse.com\/ca\/compra-ca\/vila-de-luxe-a-alella-urbanitzacio-can-teixido-costa-del-maresme\/#primaryimage","url":"https:\/\/berhouse.com\/wp-content\/uploads\/2024\/12\/foto1.jpg","contentUrl":"https:\/\/berhouse.com\/wp-content\/uploads\/2024\/12\/foto1.jpg","width":1920,"height":1439,"caption":"foto1"},{"@type":"BreadcrumbList","@id":"https:\/\/berhouse.com\/ca\/compra-ca\/vila-de-luxe-a-alella-urbanitzacio-can-teixido-costa-del-maresme\/#breadcrumb","itemListElement":[{"@type":"ListItem","position":1,"name":"Portada","item":"https:\/\/berhouse.com\/ca\/"},{"@type":"ListItem","position":2,"name":"Vila de Luxe a Alella, urbanitzaci\u00f3 Can Teixid\u00f3, costa del Maresme"}]},{"@type":"WebSite","@id":"https:\/\/berhouse.com\/ca\/#website","url":"https:\/\/berhouse.com\/ca\/","name":"Berhouse","description":"Servicios Inmobiliarios","publisher":{"@id":"https:\/\/berhouse.com\/ca\/#organization"},"alternateName":"Tu agencia inmobiliaria en el Maresme","potentialAction":[{"@type":"SearchAction","target":{"@type":"EntryPoint","urlTemplate":"https:\/\/berhouse.com\/ca\/?s={search_term_string}"},"query-input":{"@type":"PropertyValueSpecification","valueRequired":true,"valueName":"search_term_string"}}],"inLanguage":"ca"},{"@type":"Organization","@id":"https:\/\/berhouse.com\/ca\/#organization","name":"Berhouse","url":"https:\/\/berhouse.com\/ca\/","logo":{"@type":"ImageObject","inLanguage":"ca","@id":"https:\/\/berhouse.com\/ca\/#\/schema\/logo\/image\/","url":"https:\/\/berhouse.com\/wp-content\/uploads\/2024\/05\/logo-berhouse-1.webp","contentUrl":"https:\/\/berhouse.com\/wp-content\/uploads\/2024\/05\/logo-berhouse-1.webp","width":250,"height":35,"caption":"Berhouse"},"image":{"@id":"https:\/\/berhouse.com\/ca\/#\/schema\/logo\/image\/"}},{"@type":"Person","@id":"https:\/\/berhouse.com\/ca\/#\/schema\/person\/3c65e08e559afc5f7ba92992d149d71b","name":"activaweb","url":"https:\/\/berhouse.com\/ca\/author\/activaweb\/"}]}},"toolset-meta":{"planos":{"imagen-plano-1":{"type":"image","raw":"","attachment_id":null},"pdf-plano-1":{"type":"file","raw":"","attachment_id":null},"imagen-plano-2":{"type":"image","raw":"","attachment_id":null},"pdf-plano-2":{"type":"file","raw":"","attachment_id":null},"imagen-plano-3":{"type":"image","raw":"","attachment_id":null},"pdf-plano-3":{"type":"file","raw":"","attachment_id":null},"imagen-plano-4":{"type":"image","raw":"","attachment_id":null},"pdf-plano-4":{"type":"file","raw":"","attachment_id":null}},"calificacion-energetica":{"calificacion-energetica":{"type":"select","raw":"En tr\u00e1mites"},"consumo-de-energia-kwh-m-ano":{"type":"numeric","raw":"280"},"emisiones-de-co2-kg-co2-m-ano":{"type":"numeric","raw":"57"}},"galeria-multimedia":{"imagen-lateral-de-la-ficha":{"type":"image","raw":"https:\/\/berhouse.com\/wp-content\/uploads\/2024\/12\/foto53.jpg","attachment_id":2283},"imagenes-de-la-galeria":{"type":"image","raw":["https:\/\/berhouse.com\/wp-content\/uploads\/2024\/12\/foto20.jpg","https:\/\/berhouse.com\/wp-content\/uploads\/2024\/12\/foto19.jpg","https:\/\/berhouse.com\/wp-content\/uploads\/2024\/12\/foto18.jpg","https:\/\/berhouse.com\/wp-content\/uploads\/2024\/12\/foto17.jpg","https:\/\/berhouse.com\/wp-content\/uploads\/2024\/12\/foto16.jpg","https:\/\/berhouse.com\/wp-content\/uploads\/2024\/12\/foto15.jpg","https:\/\/berhouse.com\/wp-content\/uploads\/2024\/12\/foto14.jpg","https:\/\/berhouse.com\/wp-content\/uploads\/2024\/12\/foto13.jpg","https:\/\/berhouse.com\/wp-content\/uploads\/2024\/12\/foto12.jpg","https:\/\/berhouse.com\/wp-content\/uploads\/2024\/12\/foto11.jpg","https:\/\/berhouse.com\/wp-content\/uploads\/2024\/12\/foto10.jpg","https:\/\/berhouse.com\/wp-content\/uploads\/2024\/12\/foto9.jpg","https:\/\/berhouse.com\/wp-content\/uploads\/2024\/12\/foto8.jpg","https:\/\/berhouse.com\/wp-content\/uploads\/2024\/12\/foto7.jpg","https:\/\/berhouse.com\/wp-content\/uploads\/2024\/12\/foto6.jpg","https:\/\/berhouse.com\/wp-content\/uploads\/2024\/12\/foto5.jpg","https:\/\/berhouse.com\/wp-content\/uploads\/2024\/12\/foto4.jpg","https:\/\/berhouse.com\/wp-content\/uploads\/2024\/12\/foto3.jpg","https:\/\/berhouse.com\/wp-content\/uploads\/2024\/12\/foto2.jpg","https:\/\/berhouse.com\/wp-content\/uploads\/2024\/12\/foto1.jpg","https:\/\/berhouse.com\/wp-content\/uploads\/2024\/12\/foto53.jpg","https:\/\/berhouse.com\/wp-content\/uploads\/2024\/12\/foto52.jpg","https:\/\/berhouse.com\/wp-content\/uploads\/2024\/12\/foto51.jpg","https:\/\/berhouse.com\/wp-content\/uploads\/2024\/12\/foto50.jpg","https:\/\/berhouse.com\/wp-content\/uploads\/2024\/12\/foto49.jpg","https:\/\/berhouse.com\/wp-content\/uploads\/2024\/12\/foto48.jpg","https:\/\/berhouse.com\/wp-content\/uploads\/2024\/12\/foto47.jpg","https:\/\/berhouse.com\/wp-content\/uploads\/2024\/12\/foto46.jpg","https:\/\/berhouse.com\/wp-content\/uploads\/2024\/12\/foto45.jpg","https:\/\/berhouse.com\/wp-content\/uploads\/2024\/12\/foto44.jpg","https:\/\/berhouse.com\/wp-content\/uploads\/2024\/12\/foto43.jpg","https:\/\/berhouse.com\/wp-content\/uploads\/2024\/12\/foto42.jpg","https:\/\/berhouse.com\/wp-content\/uploads\/2024\/12\/foto41.jpg","https:\/\/berhouse.com\/wp-content\/uploads\/2024\/12\/foto40.jpg","https:\/\/berhouse.com\/wp-content\/uploads\/2024\/12\/foto39.jpg","https:\/\/berhouse.com\/wp-content\/uploads\/2024\/12\/foto38.jpg","https:\/\/berhouse.com\/wp-content\/uploads\/2024\/12\/foto37.jpg","https:\/\/berhouse.com\/wp-content\/uploads\/2024\/12\/foto36.jpg","https:\/\/berhouse.com\/wp-content\/uploads\/2024\/12\/foto35.jpg","https:\/\/berhouse.com\/wp-content\/uploads\/2024\/12\/foto34.jpg","https:\/\/berhouse.com\/wp-content\/uploads\/2024\/12\/foto33.jpg","https:\/\/berhouse.com\/wp-content\/uploads\/2024\/12\/foto32.jpg","https:\/\/berhouse.com\/wp-content\/uploads\/2024\/12\/foto31.jpg","https:\/\/berhouse.com\/wp-content\/uploads\/2024\/12\/foto30.jpg","https:\/\/berhouse.com\/wp-content\/uploads\/2024\/12\/foto29.jpg","https:\/\/berhouse.com\/wp-content\/uploads\/2024\/12\/foto28.jpg","https:\/\/berhouse.com\/wp-content\/uploads\/2024\/12\/foto27.jpg","https:\/\/berhouse.com\/wp-content\/uploads\/2024\/12\/foto26.jpg","https:\/\/berhouse.com\/wp-content\/uploads\/2024\/12\/foto25.jpg","https:\/\/berhouse.com\/wp-content\/uploads\/2024\/12\/foto24.jpg","https:\/\/berhouse.com\/wp-content\/uploads\/2024\/12\/foto23.jpg","https:\/\/berhouse.com\/wp-content\/uploads\/2024\/12\/foto22.jpg","https:\/\/berhouse.com\/wp-content\/uploads\/2024\/12\/foto21.jpg"],"repeatable":[{"raw":"https:\/\/berhouse.com\/wp-content\/uploads\/2024\/12\/foto20.jpg","attachment_id":2343},{"raw":"https:\/\/berhouse.com\/wp-content\/uploads\/2024\/12\/foto19.jpg","attachment_id":2340},{"raw":"https:\/\/berhouse.com\/wp-content\/uploads\/2024\/12\/foto18.jpg","attachment_id":2337},{"raw":"https:\/\/berhouse.com\/wp-content\/uploads\/2024\/12\/foto17.jpg","attachment_id":2334},{"raw":"https:\/\/berhouse.com\/wp-content\/uploads\/2024\/12\/foto16.jpg","attachment_id":2331},{"raw":"https:\/\/berhouse.com\/wp-content\/uploads\/2024\/12\/foto15.jpg","attachment_id":2328},{"raw":"https:\/\/berhouse.com\/wp-content\/uploads\/2024\/12\/foto14.jpg","attachment_id":2325},{"raw":"https:\/\/berhouse.com\/wp-content\/uploads\/2024\/12\/foto13.jpg","attachment_id":2322},{"raw":"https:\/\/berhouse.com\/wp-content\/uploads\/2024\/12\/foto12.jpg","attachment_id":2319},{"raw":"https:\/\/berhouse.com\/wp-content\/uploads\/2024\/12\/foto11.jpg","attachment_id":2316},{"raw":"https:\/\/berhouse.com\/wp-content\/uploads\/2024\/12\/foto10.jpg","attachment_id":2313},{"raw":"https:\/\/berhouse.com\/wp-content\/uploads\/2024\/12\/foto9.jpg","attachment_id":2310},{"raw":"https:\/\/berhouse.com\/wp-content\/uploads\/2024\/12\/foto8.jpg","attachment_id":2307},{"raw":"https:\/\/berhouse.com\/wp-content\/uploads\/2024\/12\/foto7.jpg","attachment_id":2304},{"raw":"https:\/\/berhouse.com\/wp-content\/uploads\/2024\/12\/foto6.jpg","attachment_id":2301},{"raw":"https:\/\/berhouse.com\/wp-content\/uploads\/2024\/12\/foto5.jpg","attachment_id":2298},{"raw":"https:\/\/berhouse.com\/wp-content\/uploads\/2024\/12\/foto4.jpg","attachment_id":2295},{"raw":"https:\/\/berhouse.com\/wp-content\/uploads\/2024\/12\/foto3.jpg","attachment_id":2292},{"raw":"https:\/\/berhouse.com\/wp-content\/uploads\/2024\/12\/foto2.jpg","attachment_id":2289},{"raw":"https:\/\/berhouse.com\/wp-content\/uploads\/2024\/12\/foto1.jpg","attachment_id":2286},{"raw":"https:\/\/berhouse.com\/wp-content\/uploads\/2024\/12\/foto53.jpg","attachment_id":2283},{"raw":"https:\/\/berhouse.com\/wp-content\/uploads\/2024\/12\/foto52.jpg","attachment_id":2280},{"raw":"https:\/\/berhouse.com\/wp-content\/uploads\/2024\/12\/foto51.jpg","attachment_id":2277},{"raw":"https:\/\/berhouse.com\/wp-content\/uploads\/2024\/12\/foto50.jpg","attachment_id":2274},{"raw":"https:\/\/berhouse.com\/wp-content\/uploads\/2024\/12\/foto49.jpg","attachment_id":2271},{"raw":"https:\/\/berhouse.com\/wp-content\/uploads\/2024\/12\/foto48.jpg","attachment_id":2268},{"raw":"https:\/\/berhouse.com\/wp-content\/uploads\/2024\/12\/foto47.jpg","attachment_id":2265},{"raw":"https:\/\/berhouse.com\/wp-content\/uploads\/2024\/12\/foto46.jpg","attachment_id":2262},{"raw":"https:\/\/berhouse.com\/wp-content\/uploads\/2024\/12\/foto45.jpg","attachment_id":2259},{"raw":"https:\/\/berhouse.com\/wp-content\/uploads\/2024\/12\/foto44.jpg","attachment_id":2256},{"raw":"https:\/\/berhouse.com\/wp-content\/uploads\/2024\/12\/foto43.jpg","attachment_id":2253},{"raw":"https:\/\/berhouse.com\/wp-content\/uploads\/2024\/12\/foto42.jpg","attachment_id":2250},{"raw":"https:\/\/berhouse.com\/wp-content\/uploads\/2024\/12\/foto41.jpg","attachment_id":2247},{"raw":"https:\/\/berhouse.com\/wp-content\/uploads\/2024\/12\/foto40.jpg","attachment_id":2244},{"raw":"https:\/\/berhouse.com\/wp-content\/uploads\/2024\/12\/foto39.jpg","attachment_id":2241},{"raw":"https:\/\/berhouse.com\/wp-content\/uploads\/2024\/12\/foto38.jpg","attachment_id":2238},{"raw":"https:\/\/berhouse.com\/wp-content\/uploads\/2024\/12\/foto37.jpg","attachment_id":2235},{"raw":"https:\/\/berhouse.com\/wp-content\/uploads\/2024\/12\/foto36.jpg","attachment_id":2232},{"raw":"https:\/\/berhouse.com\/wp-content\/uploads\/2024\/12\/foto35.jpg","attachment_id":2229},{"raw":"https:\/\/berhouse.com\/wp-content\/uploads\/2024\/12\/foto34.jpg","attachment_id":2226},{"raw":"https:\/\/berhouse.com\/wp-content\/uploads\/2024\/12\/foto33.jpg","attachment_id":2223},{"raw":"https:\/\/berhouse.com\/wp-content\/uploads\/2024\/12\/foto32.jpg","attachment_id":2220},{"raw":"https:\/\/berhouse.com\/wp-content\/uploads\/2024\/12\/foto31.jpg","attachment_id":2217},{"raw":"https:\/\/berhouse.com\/wp-content\/uploads\/2024\/12\/foto30.jpg","attachment_id":2214},{"raw":"https:\/\/berhouse.com\/wp-content\/uploads\/2024\/12\/foto29.jpg","attachment_id":2211},{"raw":"https:\/\/berhouse.com\/wp-content\/uploads\/2024\/12\/foto28.jpg","attachment_id":2208},{"raw":"https:\/\/berhouse.com\/wp-content\/uploads\/2024\/12\/foto27.jpg","attachment_id":2205},{"raw":"https:\/\/berhouse.com\/wp-content\/uploads\/2024\/12\/foto26.jpg","attachment_id":2202},{"raw":"https:\/\/berhouse.com\/wp-content\/uploads\/2024\/12\/foto25.jpg","attachment_id":2199},{"raw":"https:\/\/berhouse.com\/wp-content\/uploads\/2024\/12\/foto24.jpg","attachment_id":2196},{"raw":"https:\/\/berhouse.com\/wp-content\/uploads\/2024\/12\/foto23.jpg","attachment_id":2193},{"raw":"https:\/\/berhouse.com\/wp-content\/uploads\/2024\/12\/foto22.jpg","attachment_id":2190},{"raw":"https:\/\/berhouse.com\/wp-content\/uploads\/2024\/12\/foto21.jpg","attachment_id":2187}]},"video-externo":{"type":"textfield","raw":""},"video-externo-2":{"type":"textfield","raw":""}},"caracteristicas-de-la-propiedad-ampliacion":{"puerta-blindada":{"type":"checkbox","raw":"1"},"aire-acondicionado":{"type":"checkbox","raw":"1"},"calefaccion":{"type":"checkbox","raw":"1"},"gimnasio":{"type":"checkbox","raw":""},"lavadero":{"type":"checkbox","raw":"1"},"piscina-privada":{"type":"checkbox","raw":"1"},"instalaciones-deportivas":{"type":"checkbox","raw":""},"barbacoa":{"type":"checkbox","raw":"1"},"sauna":{"type":"checkbox","raw":""},"jacuzzi":{"type":"checkbox","raw":""},"domotica":{"type":"checkbox","raw":""},"ascensor":{"type":"checkbox","raw":""},"piscina-comunitaria":{"type":"checkbox","raw":""},"paneles-solares":{"type":"checkbox","raw":""},"aerotermia":{"type":"checkbox","raw":""},"videoportero":{"type":"checkbox","raw":"1"},"ojos-de-buey":{"type":"checkbox","raw":"1"},"vivienda-adaptada":{"type":"checkbox","raw":""},"vistas-al-mar":{"type":"checkbox","raw":"1"},"vistas-a-la-montana":{"type":"checkbox","raw":"1"}},"caracteristicas-de-la-propiedad":{"referencia":{"type":"textfield","raw":"BRH-1088"},"precio":{"type":"textfield","raw":"1.950.000"},"numero-de-plantas":{"type":"textfield","raw":"3"},"planta":{"type":"textfield","raw":""},"ano-de-construccion":{"type":"textfield","raw":"1997"},"superficie-de-parcela":{"type":"textfield","raw":"1300"},"superficie-construida":{"type":"textfield","raw":"532"},"superficie-util":{"type":"textfield","raw":""},"superficie-de-jardin":{"type":"textfield","raw":""},"superficie-de-terraza":{"type":"textfield","raw":"90"},"superficie-de-garaje":{"type":"textfield","raw":""},"superficie-de-buhardilla":{"type":"textfield","raw":""},"habitaciones-totales":{"type":"numeric","raw":"5"},"habitaciones-dobles":{"type":"textfield","raw":""},"habitaciones-individuales":{"type":"textfield","raw":""},"banos-totales":{"type":"numeric","raw":"4"},"banos":{"type":"textfield","raw":""},"aseos":{"type":"textfield","raw":""},"plazas-de-parking":{"type":"textfield","raw":"4"},"tipo-de-cocina":{"type":"select","raw":"Tipo office"},"carpinteria-exterior":{"type":"select","raw":"Aluminio-climalit"}}},"_links":{"self":[{"href":"https:\/\/berhouse.com\/ca\/wp-json\/wp\/v2\/posts\/3930","targetHints":{"allow":["GET"]}}],"collection":[{"href":"https:\/\/berhouse.com\/ca\/wp-json\/wp\/v2\/posts"}],"about":[{"href":"https:\/\/berhouse.com\/ca\/wp-json\/wp\/v2\/types\/post"}],"author":[{"embeddable":true,"href":"https:\/\/berhouse.com\/ca\/wp-json\/wp\/v2\/users\/1"}],"replies":[{"embeddable":true,"href":"https:\/\/berhouse.com\/ca\/wp-json\/wp\/v2\/comments?post=3930"}],"version-history":[{"count":0,"href":"https:\/\/berhouse.com\/ca\/wp-json\/wp\/v2\/posts\/3930\/revisions"}],"wp:featuredmedia":[{"embeddable":true,"href":"https:\/\/berhouse.com\/ca\/wp-json\/wp\/v2\/media\/2286"}],"wp:attachment":[{"href":"https:\/\/berhouse.com\/ca\/wp-json\/wp\/v2\/media?parent=3930"}],"wp:term":[{"taxonomy":"category","embeddable":true,"href":"https:\/\/berhouse.com\/ca\/wp-json\/wp\/v2\/categories?post=3930"},{"taxonomy":"post_tag","embeddable":true,"href":"https:\/\/berhouse.com\/ca\/wp-json\/wp\/v2\/tags?post=3930"},{"taxonomy":"tipo-de-propiedad","embeddable":true,"href":"https:\/\/berhouse.com\/ca\/wp-json\/wp\/v2\/tipo-de-propiedad?post=3930"},{"taxonomy":"estado-comercial","embeddable":true,"href":"https:\/\/berhouse.com\/ca\/wp-json\/wp\/v2\/estado-comercial?post=3930"}],"curies":[{"name":"wp","href":"https:\/\/api.w.org\/{rel}","templated":true}]}}