{"id":3922,"date":"2024-12-17T13:47:59","date_gmt":"2024-12-17T13:47:59","guid":{"rendered":"https:\/\/berhouse.activaweb.net\/sense-categoritzar\/parcella-edificable\/"},"modified":"2024-12-17T13:47:59","modified_gmt":"2024-12-17T13:47:59","slug":"parcella-edificable","status":"publish","type":"post","link":"https:\/\/berhouse.com\/ca\/compra-ca\/parcella-edificable\/","title":{"rendered":"Parcel\u00b7la edificable"},"content":{"rendered":"<p>Parcel\u00b7la cantonera, amb acc\u00e9s des de 2 carrers, edificable, situada a zona urbanitzada.<\/p>\n<p>Parcel\u00b7la plana, situada al nucli urb\u00e0 de Fogars de la Selva, a prop de l&#8217;autopista, tan sols a 10 minuts de la Costa Brava ia 30 minuts de Barcelona.<\/p>\n<p>Els accessos s\u00f3n mitjan\u00e7ant carrers asfaltats, la urbanitzaci\u00f3 t\u00e9 tots els serveis de llum, aigua i clavegueram.<\/p>\n","protected":false},"excerpt":{"rendered":"<p>Parcel\u00b7la cantonera, amb acc\u00e9s des de 2 carrers, edificable, situada a zona urbanitzada. Parcel\u00b7la plana, situada al nucli urb\u00e0 de Fogars de la Selva, a prop de l&#8217;autopista, tan sols a 10 minuts de la Costa Brava ia 30 minuts de Barcelona. Els accessos s\u00f3n mitjan\u00e7ant carrers asfaltats, la urbanitzaci\u00f3 t\u00e9 tots els serveis de [&hellip;]<\/p>\n","protected":false},"author":1,"featured_media":3575,"comment_status":"closed","ping_status":"closed","sticky":false,"template":"","format":"standard","meta":{"footnotes":""},"categories":[19],"tags":[95],"tipo-de-propiedad":[53],"estado-comercial":[],"class_list":["post-3922","post","type-post","status-publish","format-standard","has-post-thumbnail","hentry","category-compra-ca","tag-fogars-de-la-selva-ca","tipo-de-propiedad-solar-ca"],"yoast_head":"<!-- This site is optimized with the Yoast SEO plugin v27.4 - https:\/\/yoast.com\/product\/yoast-seo-wordpress\/ -->\n<title>Parcel\u00b7la edificable - Berhouse<\/title>\n<meta name=\"robots\" content=\"index, follow, max-snippet:-1, max-image-preview:large, max-video-preview:-1\" \/>\n<link rel=\"canonical\" href=\"https:\/\/berhouse.com\/ca\/compra-ca\/parcella-edificable\/\" \/>\n<meta property=\"og:locale\" content=\"ca_ES\" \/>\n<meta property=\"og:type\" content=\"article\" \/>\n<meta property=\"og:title\" content=\"Parcel\u00b7la edificable - Berhouse\" \/>\n<meta property=\"og:description\" content=\"Parcel\u00b7la cantonera, amb acc\u00e9s des de 2 carrers, edificable, situada a zona urbanitzada. Parcel\u00b7la plana, situada al nucli urb\u00e0 de Fogars de la Selva, a prop de l&#8217;autopista, tan sols a 10 minuts de la Costa Brava ia 30 minuts de Barcelona. Els accessos s\u00f3n mitjan\u00e7ant carrers asfaltats, la urbanitzaci\u00f3 t\u00e9 tots els serveis de [&hellip;]\" \/>\n<meta property=\"og:url\" content=\"https:\/\/berhouse.com\/ca\/compra-ca\/parcella-edificable\/\" \/>\n<meta property=\"og:site_name\" content=\"Berhouse\" \/>\n<meta property=\"article:published_time\" content=\"2024-12-17T13:47:59+00:00\" \/>\n<meta property=\"og:image\" content=\"https:\/\/berhouse.com\/wp-content\/uploads\/2024\/12\/foto1-11.jpg\" \/>\n\t<meta property=\"og:image:width\" content=\"1200\" \/>\n\t<meta property=\"og:image:height\" content=\"900\" \/>\n\t<meta property=\"og:image:type\" content=\"image\/jpeg\" \/>\n<meta name=\"author\" content=\"activaweb\" \/>\n<meta name=\"twitter:card\" content=\"summary_large_image\" \/>\n<meta name=\"twitter:label1\" content=\"Escrit per\" \/>\n\t<meta name=\"twitter:data1\" content=\"activaweb\" \/>\n<script type=\"application\/ld+json\" class=\"yoast-schema-graph\">{\"@context\":\"https:\\\/\\\/schema.org\",\"@graph\":[{\"@type\":\"Article\",\"@id\":\"https:\\\/\\\/berhouse.com\\\/ca\\\/compra-ca\\\/parcella-edificable\\\/#article\",\"isPartOf\":{\"@id\":\"https:\\\/\\\/berhouse.com\\\/ca\\\/compra-ca\\\/parcella-edificable\\\/\"},\"author\":{\"name\":\"activaweb\",\"@id\":\"https:\\\/\\\/berhouse.com\\\/ca\\\/#\\\/schema\\\/person\\\/3c65e08e559afc5f7ba92992d149d71b\"},\"headline\":\"Parcel\u00b7la edificable\",\"datePublished\":\"2024-12-17T13:47:59+00:00\",\"mainEntityOfPage\":{\"@id\":\"https:\\\/\\\/berhouse.com\\\/ca\\\/compra-ca\\\/parcella-edificable\\\/\"},\"wordCount\":65,\"publisher\":{\"@id\":\"https:\\\/\\\/berhouse.com\\\/ca\\\/#organization\"},\"image\":{\"@id\":\"https:\\\/\\\/berhouse.com\\\/ca\\\/compra-ca\\\/parcella-edificable\\\/#primaryimage\"},\"thumbnailUrl\":\"https:\\\/\\\/berhouse.com\\\/wp-content\\\/uploads\\\/2024\\\/12\\\/foto1-11.jpg\",\"keywords\":[\"Fogars de la Selva\"],\"articleSection\":[\"Compra\"],\"inLanguage\":\"ca\"},{\"@type\":\"WebPage\",\"@id\":\"https:\\\/\\\/berhouse.com\\\/ca\\\/compra-ca\\\/parcella-edificable\\\/\",\"url\":\"https:\\\/\\\/berhouse.com\\\/ca\\\/compra-ca\\\/parcella-edificable\\\/\",\"name\":\"Parcel\u00b7la edificable - Berhouse\",\"isPartOf\":{\"@id\":\"https:\\\/\\\/berhouse.com\\\/ca\\\/#website\"},\"primaryImageOfPage\":{\"@id\":\"https:\\\/\\\/berhouse.com\\\/ca\\\/compra-ca\\\/parcella-edificable\\\/#primaryimage\"},\"image\":{\"@id\":\"https:\\\/\\\/berhouse.com\\\/ca\\\/compra-ca\\\/parcella-edificable\\\/#primaryimage\"},\"thumbnailUrl\":\"https:\\\/\\\/berhouse.com\\\/wp-content\\\/uploads\\\/2024\\\/12\\\/foto1-11.jpg\",\"datePublished\":\"2024-12-17T13:47:59+00:00\",\"breadcrumb\":{\"@id\":\"https:\\\/\\\/berhouse.com\\\/ca\\\/compra-ca\\\/parcella-edificable\\\/#breadcrumb\"},\"inLanguage\":\"ca\",\"potentialAction\":[{\"@type\":\"ReadAction\",\"target\":[\"https:\\\/\\\/berhouse.com\\\/ca\\\/compra-ca\\\/parcella-edificable\\\/\"]}]},{\"@type\":\"ImageObject\",\"inLanguage\":\"ca\",\"@id\":\"https:\\\/\\\/berhouse.com\\\/ca\\\/compra-ca\\\/parcella-edificable\\\/#primaryimage\",\"url\":\"https:\\\/\\\/berhouse.com\\\/wp-content\\\/uploads\\\/2024\\\/12\\\/foto1-11.jpg\",\"contentUrl\":\"https:\\\/\\\/berhouse.com\\\/wp-content\\\/uploads\\\/2024\\\/12\\\/foto1-11.jpg\",\"width\":1200,\"height\":900,\"caption\":\"foto1\"},{\"@type\":\"BreadcrumbList\",\"@id\":\"https:\\\/\\\/berhouse.com\\\/ca\\\/compra-ca\\\/parcella-edificable\\\/#breadcrumb\",\"itemListElement\":[{\"@type\":\"ListItem\",\"position\":1,\"name\":\"Portada\",\"item\":\"https:\\\/\\\/berhouse.com\\\/ca\\\/\"},{\"@type\":\"ListItem\",\"position\":2,\"name\":\"Parcel\u00b7la edificable\"}]},{\"@type\":\"WebSite\",\"@id\":\"https:\\\/\\\/berhouse.com\\\/ca\\\/#website\",\"url\":\"https:\\\/\\\/berhouse.com\\\/ca\\\/\",\"name\":\"Berhouse\",\"description\":\"Servicios Inmobiliarios\",\"publisher\":{\"@id\":\"https:\\\/\\\/berhouse.com\\\/ca\\\/#organization\"},\"alternateName\":\"Tu agencia inmobiliaria en el Maresme\",\"potentialAction\":[{\"@type\":\"SearchAction\",\"target\":{\"@type\":\"EntryPoint\",\"urlTemplate\":\"https:\\\/\\\/berhouse.com\\\/ca\\\/?s={search_term_string}\"},\"query-input\":{\"@type\":\"PropertyValueSpecification\",\"valueRequired\":true,\"valueName\":\"search_term_string\"}}],\"inLanguage\":\"ca\"},{\"@type\":\"Organization\",\"@id\":\"https:\\\/\\\/berhouse.com\\\/ca\\\/#organization\",\"name\":\"Berhouse\",\"url\":\"https:\\\/\\\/berhouse.com\\\/ca\\\/\",\"logo\":{\"@type\":\"ImageObject\",\"inLanguage\":\"ca\",\"@id\":\"https:\\\/\\\/berhouse.com\\\/ca\\\/#\\\/schema\\\/logo\\\/image\\\/\",\"url\":\"https:\\\/\\\/berhouse.com\\\/wp-content\\\/uploads\\\/2024\\\/05\\\/logo-berhouse-1.webp\",\"contentUrl\":\"https:\\\/\\\/berhouse.com\\\/wp-content\\\/uploads\\\/2024\\\/05\\\/logo-berhouse-1.webp\",\"width\":250,\"height\":35,\"caption\":\"Berhouse\"},\"image\":{\"@id\":\"https:\\\/\\\/berhouse.com\\\/ca\\\/#\\\/schema\\\/logo\\\/image\\\/\"}},{\"@type\":\"Person\",\"@id\":\"https:\\\/\\\/berhouse.com\\\/ca\\\/#\\\/schema\\\/person\\\/3c65e08e559afc5f7ba92992d149d71b\",\"name\":\"activaweb\",\"url\":\"https:\\\/\\\/berhouse.com\\\/ca\\\/author\\\/activaweb\\\/\"}]}<\/script>\n<!-- \/ Yoast SEO plugin. -->","yoast_head_json":{"title":"Parcel\u00b7la edificable - Berhouse","robots":{"index":"index","follow":"follow","max-snippet":"max-snippet:-1","max-image-preview":"max-image-preview:large","max-video-preview":"max-video-preview:-1"},"canonical":"https:\/\/berhouse.com\/ca\/compra-ca\/parcella-edificable\/","og_locale":"ca_ES","og_type":"article","og_title":"Parcel\u00b7la edificable - Berhouse","og_description":"Parcel\u00b7la cantonera, amb acc\u00e9s des de 2 carrers, edificable, situada a zona urbanitzada. Parcel\u00b7la plana, situada al nucli urb\u00e0 de Fogars de la Selva, a prop de l&#8217;autopista, tan sols a 10 minuts de la Costa Brava ia 30 minuts de Barcelona. Els accessos s\u00f3n mitjan\u00e7ant carrers asfaltats, la urbanitzaci\u00f3 t\u00e9 tots els serveis de [&hellip;]","og_url":"https:\/\/berhouse.com\/ca\/compra-ca\/parcella-edificable\/","og_site_name":"Berhouse","article_published_time":"2024-12-17T13:47:59+00:00","og_image":[{"width":1200,"height":900,"url":"https:\/\/berhouse.com\/wp-content\/uploads\/2024\/12\/foto1-11.jpg","type":"image\/jpeg"}],"author":"activaweb","twitter_card":"summary_large_image","twitter_misc":{"Escrit per":"activaweb"},"schema":{"@context":"https:\/\/schema.org","@graph":[{"@type":"Article","@id":"https:\/\/berhouse.com\/ca\/compra-ca\/parcella-edificable\/#article","isPartOf":{"@id":"https:\/\/berhouse.com\/ca\/compra-ca\/parcella-edificable\/"},"author":{"name":"activaweb","@id":"https:\/\/berhouse.com\/ca\/#\/schema\/person\/3c65e08e559afc5f7ba92992d149d71b"},"headline":"Parcel\u00b7la edificable","datePublished":"2024-12-17T13:47:59+00:00","mainEntityOfPage":{"@id":"https:\/\/berhouse.com\/ca\/compra-ca\/parcella-edificable\/"},"wordCount":65,"publisher":{"@id":"https:\/\/berhouse.com\/ca\/#organization"},"image":{"@id":"https:\/\/berhouse.com\/ca\/compra-ca\/parcella-edificable\/#primaryimage"},"thumbnailUrl":"https:\/\/berhouse.com\/wp-content\/uploads\/2024\/12\/foto1-11.jpg","keywords":["Fogars de la Selva"],"articleSection":["Compra"],"inLanguage":"ca"},{"@type":"WebPage","@id":"https:\/\/berhouse.com\/ca\/compra-ca\/parcella-edificable\/","url":"https:\/\/berhouse.com\/ca\/compra-ca\/parcella-edificable\/","name":"Parcel\u00b7la edificable - Berhouse","isPartOf":{"@id":"https:\/\/berhouse.com\/ca\/#website"},"primaryImageOfPage":{"@id":"https:\/\/berhouse.com\/ca\/compra-ca\/parcella-edificable\/#primaryimage"},"image":{"@id":"https:\/\/berhouse.com\/ca\/compra-ca\/parcella-edificable\/#primaryimage"},"thumbnailUrl":"https:\/\/berhouse.com\/wp-content\/uploads\/2024\/12\/foto1-11.jpg","datePublished":"2024-12-17T13:47:59+00:00","breadcrumb":{"@id":"https:\/\/berhouse.com\/ca\/compra-ca\/parcella-edificable\/#breadcrumb"},"inLanguage":"ca","potentialAction":[{"@type":"ReadAction","target":["https:\/\/berhouse.com\/ca\/compra-ca\/parcella-edificable\/"]}]},{"@type":"ImageObject","inLanguage":"ca","@id":"https:\/\/berhouse.com\/ca\/compra-ca\/parcella-edificable\/#primaryimage","url":"https:\/\/berhouse.com\/wp-content\/uploads\/2024\/12\/foto1-11.jpg","contentUrl":"https:\/\/berhouse.com\/wp-content\/uploads\/2024\/12\/foto1-11.jpg","width":1200,"height":900,"caption":"foto1"},{"@type":"BreadcrumbList","@id":"https:\/\/berhouse.com\/ca\/compra-ca\/parcella-edificable\/#breadcrumb","itemListElement":[{"@type":"ListItem","position":1,"name":"Portada","item":"https:\/\/berhouse.com\/ca\/"},{"@type":"ListItem","position":2,"name":"Parcel\u00b7la edificable"}]},{"@type":"WebSite","@id":"https:\/\/berhouse.com\/ca\/#website","url":"https:\/\/berhouse.com\/ca\/","name":"Berhouse","description":"Servicios Inmobiliarios","publisher":{"@id":"https:\/\/berhouse.com\/ca\/#organization"},"alternateName":"Tu agencia inmobiliaria en el Maresme","potentialAction":[{"@type":"SearchAction","target":{"@type":"EntryPoint","urlTemplate":"https:\/\/berhouse.com\/ca\/?s={search_term_string}"},"query-input":{"@type":"PropertyValueSpecification","valueRequired":true,"valueName":"search_term_string"}}],"inLanguage":"ca"},{"@type":"Organization","@id":"https:\/\/berhouse.com\/ca\/#organization","name":"Berhouse","url":"https:\/\/berhouse.com\/ca\/","logo":{"@type":"ImageObject","inLanguage":"ca","@id":"https:\/\/berhouse.com\/ca\/#\/schema\/logo\/image\/","url":"https:\/\/berhouse.com\/wp-content\/uploads\/2024\/05\/logo-berhouse-1.webp","contentUrl":"https:\/\/berhouse.com\/wp-content\/uploads\/2024\/05\/logo-berhouse-1.webp","width":250,"height":35,"caption":"Berhouse"},"image":{"@id":"https:\/\/berhouse.com\/ca\/#\/schema\/logo\/image\/"}},{"@type":"Person","@id":"https:\/\/berhouse.com\/ca\/#\/schema\/person\/3c65e08e559afc5f7ba92992d149d71b","name":"activaweb","url":"https:\/\/berhouse.com\/ca\/author\/activaweb\/"}]}},"toolset-meta":{"planos":{"imagen-plano-1":{"type":"image","raw":"","attachment_id":null},"pdf-plano-1":{"type":"file","raw":"","attachment_id":null},"imagen-plano-2":{"type":"image","raw":"","attachment_id":null},"pdf-plano-2":{"type":"file","raw":"","attachment_id":null},"imagen-plano-3":{"type":"image","raw":"","attachment_id":null},"pdf-plano-3":{"type":"file","raw":"","attachment_id":null},"imagen-plano-4":{"type":"image","raw":"","attachment_id":null},"pdf-plano-4":{"type":"file","raw":"","attachment_id":null}},"calificacion-energetica":{"calificacion-energetica":{"type":"select","raw":"En tr\u00e1mites"},"consumo-de-energia-kwh-m-ano":{"type":"numeric","raw":""},"emisiones-de-co2-kg-co2-m-ano":{"type":"numeric","raw":""}},"galeria-multimedia":{"imagen-lateral-de-la-ficha":{"type":"image","raw":"https:\/\/berhouse.com\/wp-content\/uploads\/2024\/12\/foto1-11.jpg","attachment_id":3575},"imagenes-de-la-galeria":{"type":"image","raw":[""],"repeatable":[{"raw":""}]},"video-externo":{"type":"textfield","raw":""},"video-externo-2":{"type":"textfield","raw":""}},"caracteristicas-de-la-propiedad-ampliacion":{"puerta-blindada":{"type":"checkbox","raw":""},"aire-acondicionado":{"type":"checkbox","raw":""},"calefaccion":{"type":"checkbox","raw":""},"gimnasio":{"type":"checkbox","raw":""},"lavadero":{"type":"checkbox","raw":""},"piscina-privada":{"type":"checkbox","raw":""},"instalaciones-deportivas":{"type":"checkbox","raw":""},"barbacoa":{"type":"checkbox","raw":""},"sauna":{"type":"checkbox","raw":""},"jacuzzi":{"type":"checkbox","raw":""},"domotica":{"type":"checkbox","raw":""},"ascensor":{"type":"checkbox","raw":""},"piscina-comunitaria":{"type":"checkbox","raw":""},"paneles-solares":{"type":"checkbox","raw":""},"aerotermia":{"type":"checkbox","raw":""},"videoportero":{"type":"checkbox","raw":""},"ojos-de-buey":{"type":"checkbox","raw":""},"vivienda-adaptada":{"type":"checkbox","raw":""},"vistas-al-mar":{"type":"checkbox","raw":""},"vistas-a-la-montana":{"type":"checkbox","raw":""}},"caracteristicas-de-la-propiedad":{"referencia":{"type":"textfield","raw":"BRH-958"},"precio":{"type":"textfield","raw":"97.000"},"numero-de-plantas":{"type":"textfield","raw":""},"planta":{"type":"textfield","raw":""},"ano-de-construccion":{"type":"textfield","raw":""},"superficie-de-parcela":{"type":"textfield","raw":"927"},"superficie-construida":{"type":"textfield","raw":"927"},"superficie-util":{"type":"textfield","raw":""},"superficie-de-jardin":{"type":"textfield","raw":""},"superficie-de-terraza":{"type":"textfield","raw":""},"superficie-de-garaje":{"type":"textfield","raw":""},"superficie-de-buhardilla":{"type":"textfield","raw":""},"habitaciones-totales":{"type":"numeric","raw":""},"habitaciones-dobles":{"type":"textfield","raw":""},"habitaciones-individuales":{"type":"textfield","raw":""},"banos-totales":{"type":"numeric","raw":""},"banos":{"type":"textfield","raw":""},"aseos":{"type":"textfield","raw":""},"plazas-de-parking":{"type":"textfield","raw":""},"tipo-de-cocina":{"type":"select","raw":""},"carpinteria-exterior":{"type":"select","raw":""}}},"_links":{"self":[{"href":"https:\/\/berhouse.com\/ca\/wp-json\/wp\/v2\/posts\/3922","targetHints":{"allow":["GET"]}}],"collection":[{"href":"https:\/\/berhouse.com\/ca\/wp-json\/wp\/v2\/posts"}],"about":[{"href":"https:\/\/berhouse.com\/ca\/wp-json\/wp\/v2\/types\/post"}],"author":[{"embeddable":true,"href":"https:\/\/berhouse.com\/ca\/wp-json\/wp\/v2\/users\/1"}],"replies":[{"embeddable":true,"href":"https:\/\/berhouse.com\/ca\/wp-json\/wp\/v2\/comments?post=3922"}],"version-history":[{"count":0,"href":"https:\/\/berhouse.com\/ca\/wp-json\/wp\/v2\/posts\/3922\/revisions"}],"wp:featuredmedia":[{"embeddable":true,"href":"https:\/\/berhouse.com\/ca\/wp-json\/wp\/v2\/media\/3575"}],"wp:attachment":[{"href":"https:\/\/berhouse.com\/ca\/wp-json\/wp\/v2\/media?parent=3922"}],"wp:term":[{"taxonomy":"category","embeddable":true,"href":"https:\/\/berhouse.com\/ca\/wp-json\/wp\/v2\/categories?post=3922"},{"taxonomy":"post_tag","embeddable":true,"href":"https:\/\/berhouse.com\/ca\/wp-json\/wp\/v2\/tags?post=3922"},{"taxonomy":"tipo-de-propiedad","embeddable":true,"href":"https:\/\/berhouse.com\/ca\/wp-json\/wp\/v2\/tipo-de-propiedad?post=3922"},{"taxonomy":"estado-comercial","embeddable":true,"href":"https:\/\/berhouse.com\/ca\/wp-json\/wp\/v2\/estado-comercial?post=3922"}],"curies":[{"name":"wp","href":"https:\/\/api.w.org\/{rel}","templated":true}]}}